{"id":11199,"date":"2026-03-04T16:47:35","date_gmt":"2026-03-04T15:47:35","guid":{"rendered":"https:\/\/www.danielagra.com\/?p=11199"},"modified":"2026-03-04T16:53:30","modified_gmt":"2026-03-04T15:53:30","slug":"home-s-photopolis-agrinio-photo-festival-museo-kapralos-aegina-grecia","status":"publish","type":"post","link":"https:\/\/www.danielagra.com\/en\/home-s-photopolis-agrinio-photo-festival-museo-kapralos-aegina-grecia\/","title":{"rendered":"Home-s | Photopolis Agrinio Photo Festival | Museo Kapralos | Aegina | Grecia"},"content":{"rendered":"\t\t<div data-elementor-type=\"wp-post\" data-elementor-id=\"11199\" class=\"elementor elementor-11199\">\n\t\t\t\t\t\t<section class=\"elementor-section elementor-top-section elementor-element elementor-element-e1361d6 elementor-section-boxed elementor-section-height-default elementor-section-height-default\" data-id=\"e1361d6\" data-element_type=\"section\" data-e-type=\"section\">\n\t\t\t\t\t\t<div class=\"elementor-container elementor-column-gap-default\">\n\t\t\t\t\t<div class=\"elementor-column elementor-col-100 elementor-top-column elementor-element elementor-element-beba10f\" data-id=\"beba10f\" data-element_type=\"column\" data-e-type=\"column\">\n\t\t\t<div class=\"elementor-widget-wrap elementor-element-populated\">\n\t\t\t\t\t\t<section class=\"elementor-section elementor-inner-section elementor-element elementor-element-d88ff8a elementor-section-boxed elementor-section-height-default elementor-section-height-default\" data-id=\"d88ff8a\" data-element_type=\"section\" data-e-type=\"section\">\n\t\t\t\t\t\t<div class=\"elementor-container elementor-column-gap-wider\">\n\t\t\t\t\t<div class=\"elementor-column elementor-col-50 elementor-inner-column elementor-element elementor-element-6e509bb\" data-id=\"6e509bb\" data-element_type=\"column\" data-e-type=\"column\">\n\t\t\t<div class=\"elementor-widget-wrap elementor-element-populated\">\n\t\t\t\t\t\t<div class=\"elementor-element elementor-element-f3dd42d elementor-widget elementor-widget-text-editor\" data-id=\"f3dd42d\" data-element_type=\"widget\" data-e-type=\"widget\" data-widget_type=\"text-editor.default\">\n\t\t\t\t<div class=\"elementor-widget-container\">\n\t\t\t\t\t\t\t\t\t<p style=\"font-weight: 400;\">Aegina es una de las islas de Grecia situada en medio del golfo Sar\u00f3nico, entre las islas de Salamina al norte, Angistri al oeste y Poros al sur; se halla a una decena de kil\u00f3metros de la costa noreste de la pen\u00ednsula de Methano, en el Peloponeso, y al sudoeste del Pireo, puerto del cual dista unos 20 km. Seg\u00fan la tradici\u00f3n se considera que su nombre deriva de la ninfa Egina, madre de \u00c9aco, quien naci\u00f3 en la isla y fue su rey.<\/p><p style=\"font-weight: 400;\">La isla es c\u00e9lebre por su templo de Afaya, uno de los tres templos del tri\u00e1ngulo sagrado formado junto con el\u00a0 Parten\u00f3n y el Templo de Poseid\u00f3n del cabo de Suni\u00f3n. Fue durante mucho tiempo una gran rival de Atenas, tanto en la Antig\u00fcedad como al principio del siglo XIX. Aegina fue una de las primeras ciudades mar\u00edtimas y comerciantes de la Grecia Antigua: tuvo la primera marina de Grecia y fue la primera ciudad en acu\u00f1ar moneda, la primera capital (1828-1829) de Grecia que luchaba por su independencia, y el joven Estado griego hizo acu\u00f1ar all\u00ed sus primeras monedas. La isla es tambi\u00e9n la principal productora de pistachos de Grecia, y la mayor exportadora mundial.<\/p>\t\t\t\t\t\t\t\t<\/div>\n\t\t\t\t<\/div>\n\t\t\t\t\t<\/div>\n\t\t<\/div>\n\t\t\t\t<div class=\"elementor-column elementor-col-50 elementor-inner-column elementor-element elementor-element-d16841b\" data-id=\"d16841b\" data-element_type=\"column\" data-e-type=\"column\">\n\t\t\t<div class=\"elementor-widget-wrap elementor-element-populated\">\n\t\t\t\t\t\t<div class=\"elementor-element elementor-element-3fc2518 elementor-widget elementor-widget-text-editor\" data-id=\"3fc2518\" data-element_type=\"widget\" data-e-type=\"widget\" data-widget_type=\"text-editor.default\">\n\t\t\t\t<div class=\"elementor-widget-container\">\n\t\t\t\t\t\t\t\t\t<h5 style=\"font-weight: 400; text-align: left;\"><strong>Defended siempre Grecia, porque a ellos les debemos nuestras luces, nuestras ciencias y todas nuestras virtudes.<\/strong><br \/><em>Fran\u00e7ois-Marie Arouet &#8211; Voltaire<\/em><\/h5><p style=\"font-weight: 400; text-align: left;\">En ella se encuentra localizado el Museo Kapralos, la casa y taller del renombrado escultor griego Christos Kapralos. Las seis salas comenzaron a funcionar como museo en 1995 dos a\u00f1os despu\u00e9s del fallecimiento del escultor. En 2006 la Fundaci\u00f3n Christos y Souli Kapralos, mediante decreto presidencial y tras la decisi\u00f3n un\u00e1nime de su Junta Directiva, pas\u00f3 a formar parte de la Galer\u00eda Nacional \u2013 Museo Alexandros Soutsos; desde entonces, el Museo Christos Kapralos funciona como anexo de la Galer\u00eda Nacional.<\/p><h5 style=\"font-weight: 400; text-align: left;\"><strong>La finalidad del arte es dar cuerpo a la esencia secreta de las cosas, no el copiar su apariencia.<em><br \/><\/em><\/strong><em>Arist\u00f3teles<\/em><\/h5>\t\t\t\t\t\t\t\t<\/div>\n\t\t\t\t<\/div>\n\t\t\t\t\t<\/div>\n\t\t<\/div>\n\t\t\t\t\t<\/div>\n\t\t<\/section>\n\t\t\t\t\t<\/div>\n\t\t<\/div>\n\t\t\t\t\t<\/div>\n\t\t<\/section>\n\t\t\t\t<section class=\"elementor-section elementor-top-section elementor-element elementor-element-cab6647 elementor-section-boxed elementor-section-height-default elementor-section-height-default\" data-id=\"cab6647\" data-element_type=\"section\" data-e-type=\"section\">\n\t\t\t\t\t\t<div class=\"elementor-container elementor-column-gap-default\">\n\t\t\t\t\t<div class=\"elementor-column elementor-col-100 elementor-top-column elementor-element elementor-element-437c6ea\" data-id=\"437c6ea\" data-element_type=\"column\" data-e-type=\"column\">\n\t\t\t<div class=\"elementor-widget-wrap elementor-element-populated\">\n\t\t\t\t\t\t<div class=\"elementor-element elementor-element-a13e104 elementor-widget elementor-widget-text-editor\" data-id=\"a13e104\" data-element_type=\"widget\" data-e-type=\"widget\" data-widget_type=\"text-editor.default\">\n\t\t\t\t<div class=\"elementor-widget-container\">\n\t\t\t\t\t\t\t\t\t<p style=\"font-weight: 400;\"><a href=\"https:\/\/photopolis.gr\/en\/home-en\/\" target=\"_blank\" rel=\"noopener noreferrer nofollow\">Photopolis Agrinio Photo Festival<\/a> invit\u00f3 a los fot\u00f3grafos a explorar la idea del hogar en su sentido m\u00e1s amplio: personal o colectivo, permanente o temporal, \u00edntimo o pol\u00edtico, visible o invisible. El hogar puede ser un espacio f\u00edsico, una relaci\u00f3n, un paisaje o algo que se lleva consigo: un sentimiento, un recuerdo.<\/p><p style=\"font-weight: 400;\"><a href=\"https:\/\/www.danielagra.com\/proyecto\/gallaecia-intempore\/\">Gallaecia Intempore<\/a> form\u00f3 parte de la exposici\u00f3n \u201cHome-s\u201d del 18 al 26 de Abril en el <a href=\"https:\/\/www.nationalgallery.gr\/en\/buildings\/kapralos-museum-aegina\/\" target=\"_blank\" rel=\"noopener noreferrer nofollow\">Museo Kapralos<\/a>.<\/p>\t\t\t\t\t\t\t\t<\/div>\n\t\t\t\t<\/div>\n\t\t\t\t\t<\/div>\n\t\t<\/div>\n\t\t\t\t\t<\/div>\n\t\t<\/section>\n\t\t\t\t<section class=\"elementor-section elementor-top-section elementor-element elementor-element-3c54e9e elementor-section-full_width elementor-section-stretched elementor-section-height-default elementor-section-height-default\" data-id=\"3c54e9e\" data-element_type=\"section\" data-e-type=\"section\" data-settings=\"{&quot;stretch_section&quot;:&quot;section-stretched&quot;}\">\n\t\t\t\t\t\t<div class=\"elementor-container elementor-column-gap-default\">\n\t\t\t\t\t<div class=\"elementor-column elementor-col-100 elementor-top-column elementor-element elementor-element-784e45a\" data-id=\"784e45a\" data-element_type=\"column\" data-e-type=\"column\">\n\t\t\t<div class=\"elementor-widget-wrap elementor-element-populated\">\n\t\t\t\t\t\t<div class=\"elementor-element elementor-element-3a47297 elementor-arrows-position-inside elementor-pagination-position-outside elementor-widget elementor-widget-image-carousel\" data-id=\"3a47297\" data-element_type=\"widget\" data-e-type=\"widget\" data-settings=\"{&quot;slides_to_show&quot;:&quot;3&quot;,&quot;navigation&quot;:&quot;both&quot;,&quot;autoplay&quot;:&quot;yes&quot;,&quot;pause_on_hover&quot;:&quot;yes&quot;,&quot;pause_on_interaction&quot;:&quot;yes&quot;,&quot;autoplay_speed&quot;:5000,&quot;infinite&quot;:&quot;yes&quot;,&quot;speed&quot;:500}\" data-widget_type=\"image-carousel.default\">\n\t\t\t\t<div class=\"elementor-widget-container\">\n\t\t\t\t\t\t\t<div class=\"elementor-image-carousel-wrapper swiper\" role=\"region\" aria-roledescription=\"carousel\" aria-label=\"Carrusel de im\u00e1genes\" dir=\"ltr\">\n\t\t\t<div class=\"elementor-image-carousel swiper-wrapper swiper-image-stretch\" aria-live=\"off\">\n\t\t\t\t\t\t\t\t<div class=\"swiper-slide\" role=\"group\" aria-roledescription=\"slide\" aria-label=\"1 de 6\"><a data-elementor-open-lightbox=\"yes\" data-elementor-lightbox-slideshow=\"3a47297\" data-elementor-lightbox-title=\"Home-s | Photopolis Agrinio Photo Festival | Museo Kapralos | Aegina | Grecia\" data-e-action-hash=\"#elementor-action%3Aaction%3Dlightbox%26settings%3DeyJpZCI6MTEyMDEsInVybCI6Imh0dHBzOlwvXC93d3cuZGFuaWVsYWdyYS5jb21cL3dwLWNvbnRlbnRcL3VwbG9hZHNcL0dhbGxhZWNpYS1JbnRlbXBvcmUtUGhvdG9wb2xpcy1cdTIwMTMtZ3JhbmRlLmpwZWciLCJzbGlkZXNob3ciOiIzYTQ3Mjk3In0%3D\" href=\"https:\/\/www.danielagra.com\/wp-content\/uploads\/Gallaecia-Intempore-Photopolis-\u2013-grande.jpeg\"><figure class=\"swiper-slide-inner\"><img decoding=\"async\" class=\"swiper-slide-image\" src=\"https:\/\/www.danielagra.com\/wp-content\/uploads\/Gallaecia-Intempore-Photopolis-\u2013-grande-768x513.jpeg\" alt=\"Home-s | Photopolis Agrinio Photo Festival | Museo Kapralos | Aegina | Grecia\" \/><\/figure><\/a><\/div><div class=\"swiper-slide\" role=\"group\" aria-roledescription=\"slide\" aria-label=\"2 de 6\"><a data-elementor-open-lightbox=\"yes\" data-elementor-lightbox-slideshow=\"3a47297\" data-elementor-lightbox-title=\"Home-s | Photopolis Agrinio Photo Festival | Museo Kapralos | Aegina | Grecia\" data-e-action-hash=\"#elementor-action%3Aaction%3Dlightbox%26settings%3DeyJpZCI6MTEyMDMsInVybCI6Imh0dHBzOlwvXC93d3cuZGFuaWVsYWdyYS5jb21cL3dwLWNvbnRlbnRcL3VwbG9hZHNcL011c2VvLUFncmluaW8tXHUyMDEzLWdyYW5kZS5qcGVnIiwic2xpZGVzaG93IjoiM2E0NzI5NyJ9\" href=\"https:\/\/www.danielagra.com\/wp-content\/uploads\/Museo-Agrinio-\u2013-grande.jpeg\"><figure class=\"swiper-slide-inner\"><img decoding=\"async\" class=\"swiper-slide-image\" src=\"https:\/\/www.danielagra.com\/wp-content\/uploads\/Museo-Agrinio-\u2013-grande-768x576.jpeg\" alt=\"Home-s | Photopolis Agrinio Photo Festival | Museo Kapralos | Aegina | Grecia\" \/><\/figure><\/a><\/div><div class=\"swiper-slide\" role=\"group\" aria-roledescription=\"slide\" aria-label=\"3 de 6\"><a data-elementor-open-lightbox=\"yes\" data-elementor-lightbox-slideshow=\"3a47297\" data-elementor-lightbox-title=\"Home-s | Photopolis Agrinio Photo Festival | Museo Kapralos | Aegina | Grecia\" data-e-action-hash=\"#elementor-action%3Aaction%3Dlightbox%26settings%3DeyJpZCI6MTEyMDUsInVybCI6Imh0dHBzOlwvXC93d3cuZGFuaWVsYWdyYS5jb21cL3dwLWNvbnRlbnRcL3VwbG9hZHNcL011c2VvLUFncmluaW8tMDEtXHUyMDEzLWdyYW5kZS5qcGVnIiwic2xpZGVzaG93IjoiM2E0NzI5NyJ9\" href=\"https:\/\/www.danielagra.com\/wp-content\/uploads\/Museo-Agrinio-01-\u2013-grande.jpeg\"><figure class=\"swiper-slide-inner\"><img decoding=\"async\" class=\"swiper-slide-image\" src=\"https:\/\/www.danielagra.com\/wp-content\/uploads\/Museo-Agrinio-01-\u2013-grande-768x512.jpeg\" alt=\"Home-s | Photopolis Agrinio Photo Festival | Museo Kapralos | Aegina | Grecia\" \/><\/figure><\/a><\/div><div class=\"swiper-slide\" role=\"group\" aria-roledescription=\"slide\" aria-label=\"4 de 6\"><a data-elementor-open-lightbox=\"yes\" data-elementor-lightbox-slideshow=\"3a47297\" data-elementor-lightbox-title=\"Home-s | Photopolis Agrinio Photo Festival | Museo Kapralos | Aegina | Grecia\" data-e-action-hash=\"#elementor-action%3Aaction%3Dlightbox%26settings%3DeyJpZCI6MTEyMDcsInVybCI6Imh0dHBzOlwvXC93d3cuZGFuaWVsYWdyYS5jb21cL3dwLWNvbnRlbnRcL3VwbG9hZHNcL011c2VvLUFncmluaW8tMDItXHUyMDEzLWdyYW5kZS5qcGVnIiwic2xpZGVzaG93IjoiM2E0NzI5NyJ9\" href=\"https:\/\/www.danielagra.com\/wp-content\/uploads\/Museo-Agrinio-02-\u2013-grande.jpeg\"><figure class=\"swiper-slide-inner\"><img decoding=\"async\" class=\"swiper-slide-image\" src=\"https:\/\/www.danielagra.com\/wp-content\/uploads\/Museo-Agrinio-02-\u2013-grande-768x512.jpeg\" alt=\"Home-s | Photopolis Agrinio Photo Festival | Museo Kapralos | Aegina | Grecia\" \/><\/figure><\/a><\/div><div class=\"swiper-slide\" role=\"group\" aria-roledescription=\"slide\" aria-label=\"5 de 6\"><a data-elementor-open-lightbox=\"yes\" data-elementor-lightbox-slideshow=\"3a47297\" data-elementor-lightbox-title=\"Home-s | Photopolis Agrinio Photo Festival | Museo Kapralos | Aegina | Grecia\" data-e-action-hash=\"#elementor-action%3Aaction%3Dlightbox%26settings%3DeyJpZCI6MTEyMDksInVybCI6Imh0dHBzOlwvXC93d3cuZGFuaWVsYWdyYS5jb21cL3dwLWNvbnRlbnRcL3VwbG9hZHNcL011c2VvLUFncmluaW8tMDMtXHUyMDEzLWdyYW5kZS5qcGVnIiwic2xpZGVzaG93IjoiM2E0NzI5NyJ9\" href=\"https:\/\/www.danielagra.com\/wp-content\/uploads\/Museo-Agrinio-03-\u2013-grande.jpeg\"><figure class=\"swiper-slide-inner\"><img decoding=\"async\" class=\"swiper-slide-image\" src=\"https:\/\/www.danielagra.com\/wp-content\/uploads\/Museo-Agrinio-03-\u2013-grande-768x512.jpeg\" alt=\"Home-s | Photopolis Agrinio Photo Festival | Museo Kapralos | Aegina | Grecia\" \/><\/figure><\/a><\/div><div class=\"swiper-slide\" role=\"group\" aria-roledescription=\"slide\" aria-label=\"6 de 6\"><a data-elementor-open-lightbox=\"yes\" data-elementor-lightbox-slideshow=\"3a47297\" data-elementor-lightbox-title=\"Home-s | Photopolis Agrinio Photo Festival | Museo Kapralos | Aegina | Grecia\" data-e-action-hash=\"#elementor-action%3Aaction%3Dlightbox%26settings%3DeyJpZCI6MTEyMTEsInVybCI6Imh0dHBzOlwvXC93d3cuZGFuaWVsYWdyYS5jb21cL3dwLWNvbnRlbnRcL3VwbG9hZHNcL011c2VvLUFncmluaW8tMDQtXHUyMDEzLWdyYW5kZS5qcGVnIiwic2xpZGVzaG93IjoiM2E0NzI5NyJ9\" href=\"https:\/\/www.danielagra.com\/wp-content\/uploads\/Museo-Agrinio-04-\u2013-grande.jpeg\"><figure class=\"swiper-slide-inner\"><img decoding=\"async\" class=\"swiper-slide-image\" src=\"https:\/\/www.danielagra.com\/wp-content\/uploads\/Museo-Agrinio-04-\u2013-grande-768x512.jpeg\" alt=\"Home-s | Photopolis Agrinio Photo Festival | Museo Kapralos | Aegina | Grecia\" \/><\/figure><\/a><\/div>\t\t\t<\/div>\n\t\t\t\t\t\t\t\t\t\t\t\t<div class=\"elementor-swiper-button elementor-swiper-button-prev\" role=\"button\" tabindex=\"0\">\n\t\t\t\t\t\t<i aria-hidden=\"true\" class=\"eicon-chevron-left\"><\/i>\t\t\t\t\t<\/div>\n\t\t\t\t\t<div class=\"elementor-swiper-button elementor-swiper-button-next\" role=\"button\" tabindex=\"0\">\n\t\t\t\t\t\t<i aria-hidden=\"true\" class=\"eicon-chevron-right\"><\/i>\t\t\t\t\t<\/div>\n\t\t\t\t\n\t\t\t\t\t\t\t\t\t<div class=\"swiper-pagination\"><\/div>\n\t\t\t\t\t\t\t\t\t<\/div>\n\t\t\t\t\t\t<\/div>\n\t\t\t\t<\/div>\n\t\t\t\t\t<\/div>\n\t\t<\/div>\n\t\t\t\t\t<\/div>\n\t\t<\/section>\n\t\t\t\t<\/div>\n\t\t","protected":false},"excerpt":{"rendered":"<p>Aegina es una de las islas de Grecia situada en medio del golfo Sar\u00f3nico, entre las islas de Salamina al norte, Angistri al oeste y Poros al sur; se halla a una decena de kil\u00f3metros de la costa noreste de la pen\u00ednsula de Methano, en el Peloponeso, y al sudoeste del Pireo, puerto del cual dista unos 20 km. Seg\u00fan la tradici\u00f3n se considera que su nombre deriva de la ninfa Egina, madre de \u00c9aco, quien naci\u00f3 en la isla y fue su rey.<\/p>\n","protected":false},"author":1,"featured_media":11213,"comment_status":"closed","ping_status":"closed","sticky":false,"template":"","format":"standard","meta":{"inline_featured_image":false,"_uag_custom_page_level_css":"","footnotes":""},"categories":[1],"tags":[],"class_list":["post-11199","post","type-post","status-publish","format-standard","has-post-thumbnail","hentry","category-referencias","pth-posts__item"],"aioseo_notices":[],"uagb_featured_image_src":{"full":["https:\/\/www.danielagra.com\/wp-content\/uploads\/Portada-Photopolis-Festival-\u2013-grande.jpeg",1080,1080,false],"thumbnail":["https:\/\/www.danielagra.com\/wp-content\/uploads\/Portada-Photopolis-Festival-\u2013-grande-160x160.jpeg",160,160,true],"medium":["https:\/\/www.danielagra.com\/wp-content\/uploads\/Portada-Photopolis-Festival-\u2013-grande-480x480.jpeg",480,480,true],"medium_large":["https:\/\/www.danielagra.com\/wp-content\/uploads\/Portada-Photopolis-Festival-\u2013-grande-768x768.jpeg",768,768,true],"large":["https:\/\/www.danielagra.com\/wp-content\/uploads\/Portada-Photopolis-Festival-\u2013-grande-1024x1024.jpeg",1000,1000,true],"1536x1536":["https:\/\/www.danielagra.com\/wp-content\/uploads\/Portada-Photopolis-Festival-\u2013-grande.jpeg",1080,1080,false],"2048x2048":["https:\/\/www.danielagra.com\/wp-content\/uploads\/Portada-Photopolis-Festival-\u2013-grande.jpeg",1080,1080,false],"pth-xlarge":["https:\/\/www.danielagra.com\/wp-content\/uploads\/Portada-Photopolis-Festival-\u2013-grande.jpeg",1080,1080,false],"pth-xxlarge":["https:\/\/www.danielagra.com\/wp-content\/uploads\/Portada-Photopolis-Festival-\u2013-grande.jpeg",1080,1080,false],"pth-xxxlarge":["https:\/\/www.danielagra.com\/wp-content\/uploads\/Portada-Photopolis-Festival-\u2013-grande.jpeg",1080,1080,false],"pth-square-medium":["https:\/\/www.danielagra.com\/wp-content\/uploads\/Portada-Photopolis-Festival-\u2013-grande-480x480.jpeg",480,480,true],"pth-square-medium-large":["https:\/\/www.danielagra.com\/wp-content\/uploads\/Portada-Photopolis-Festival-\u2013-grande-768x768.jpeg",768,768,true],"pth-square-large":["https:\/\/www.danielagra.com\/wp-content\/uploads\/Portada-Photopolis-Festival-\u2013-grande-1024x1024.jpeg",1024,1024,true],"pth-square-xlarge":["https:\/\/www.danielagra.com\/wp-content\/uploads\/Portada-Photopolis-Festival-\u2013-grande.jpeg",1080,1080,false],"pth-square-xxlarge":["https:\/\/www.danielagra.com\/wp-content\/uploads\/Portada-Photopolis-Festival-\u2013-grande.jpeg",1080,1080,false],"pth-square-xxxlarge":["https:\/\/www.danielagra.com\/wp-content\/uploads\/Portada-Photopolis-Festival-\u2013-grande.jpeg",1080,1080,false]},"uagb_author_info":{"display_name":"admin8504","author_link":"https:\/\/www.danielagra.com\/en\/author\/22f4d9c6e60f3250\/"},"uagb_comment_info":0,"uagb_excerpt":"Aegina es una de las islas de Grecia situada en medio del golfo Sar\u00f3nico, entre las islas de Salamina al norte, Angistri al oeste y Poros al sur; se halla a una decena de kil\u00f3metros de la costa noreste de la pen\u00ednsula de Methano, en el Peloponeso, y al sudoeste del Pireo, puerto del cual&hellip;","_links":{"self":[{"href":"https:\/\/www.danielagra.com\/en\/wp-json\/wp\/v2\/posts\/11199","targetHints":{"allow":["GET"]}}],"collection":[{"href":"https:\/\/www.danielagra.com\/en\/wp-json\/wp\/v2\/posts"}],"about":[{"href":"https:\/\/www.danielagra.com\/en\/wp-json\/wp\/v2\/types\/post"}],"author":[{"embeddable":true,"href":"https:\/\/www.danielagra.com\/en\/wp-json\/wp\/v2\/users\/1"}],"replies":[{"embeddable":true,"href":"https:\/\/www.danielagra.com\/en\/wp-json\/wp\/v2\/comments?post=11199"}],"version-history":[{"count":16,"href":"https:\/\/www.danielagra.com\/en\/wp-json\/wp\/v2\/posts\/11199\/revisions"}],"predecessor-version":[{"id":11229,"href":"https:\/\/www.danielagra.com\/en\/wp-json\/wp\/v2\/posts\/11199\/revisions\/11229"}],"wp:featuredmedia":[{"embeddable":true,"href":"https:\/\/www.danielagra.com\/en\/wp-json\/wp\/v2\/media\/11213"}],"wp:attachment":[{"href":"https:\/\/www.danielagra.com\/en\/wp-json\/wp\/v2\/media?parent=11199"}],"wp:term":[{"taxonomy":"category","embeddable":true,"href":"https:\/\/www.danielagra.com\/en\/wp-json\/wp\/v2\/categories?post=11199"},{"taxonomy":"post_tag","embeddable":true,"href":"https:\/\/www.danielagra.com\/en\/wp-json\/wp\/v2\/tags?post=11199"}],"curies":[{"name":"wp","href":"https:\/\/api.w.org\/{rel}","templated":true}]}}